{"id":771,"date":"2017-12-04T17:02:06","date_gmt":"2017-12-04T17:02:06","guid":{"rendered":"http:\/\/ukendu.com\/?p=771"},"modified":"2017-12-04T17:02:06","modified_gmt":"2017-12-04T17:02:06","slug":"prebioticos-probioticos-quien-es-quien","status":"publish","type":"post","link":"https:\/\/ukendu.com\/es\/prebioticos-probioticos-quien-es-quien\/","title":{"rendered":"PREBI\u00d3TICOS-PROBI\u00d3TICOS: \u00bfQUIEN ES QUIEN?"},"content":{"rendered":"<h1 style=\"text-align: center;\"><strong><u>PREBI\u00d3TICOS-PROBI\u00d3TICOS: \u00bfQUIEN ES QUIEN?<\/u><\/strong><\/h1>\n<p>&nbsp;<\/p>\n<p>Hablamos a menudo sobre prebi\u00f3ticos y probi\u00f3ticos, \u00bfpero <strong>cu\u00e1les son<\/strong> realmente las <strong>caracter\u00edsticas de cada uno?<\/strong> Estas son las caracter\u00edsticas m\u00e1s notables.<\/p>\n<p><!--more--><\/p>\n<h1><strong><u>PREBI\u00d3TICOS:<\/u><\/strong><\/h1>\n<p><strong><u>\u00bfC\u00f3mo se definen?<\/u><\/strong><\/p>\n<ul>\n<li>Se trata de <strong>ingredientes alimentarios no digeribles:<\/strong> no deben ser hidrolizados ni absorbidos en la parte superior del tracto gastrointestinal.<\/li>\n<li>Deben ser <strong>selectivamente fermentados, en el colon<\/strong>, por una o por un n\u00famero limitado de bacterias.<\/li>\n<li>Tienen que <strong>alterar positivamente la composici\u00f3n de la microbiota.<\/strong><\/li>\n<li>Deben inducir <strong>efectos beneficiosos<\/strong> para la <strong>salud<\/strong> que se puedan <strong>demostrar<\/strong> en voluntarios humanos.<\/li>\n<\/ul>\n<p><strong><u>\u00bfCu\u00e1les son los m\u00e1s utilizados?<\/u><\/strong><\/p>\n<ul>\n<li><strong>Dextrinas:<\/strong> de trigo y ma\u00edz.<\/li>\n<li><strong>Fructanos:<\/strong>\n<ul>\n<li>Inulina de la achicoria.<\/li>\n<li>Fructooligosac\u00e1ridos (FOS).<\/li>\n<li>Oligofructosas (OFS).<\/li>\n<\/ul>\n<\/li>\n<\/ul>\n<h1><strong><u>PROBI\u00d3TICOS:<\/u><\/strong><\/h1>\n<p>&nbsp;<\/p>\n<p><strong><u>\u00bfC\u00f3mo se definen?<\/u><\/strong><\/p>\n<ul>\n<li>Son <strong>microorganismos vivos.<\/strong><\/li>\n<li>Administrados en cantidades adecuadas, otorgan al hu\u00e9sped <strong>beneficios sobre la salud:<\/strong><\/li>\n<li>Poseen indudable potencial en la <strong>modulaci\u00f3n de la inflamaci\u00f3n intestinal y col\u00f3nica.<\/strong><\/li>\n<li><strong>Protegen el epitelio intestinal.<\/strong><\/li>\n<li><strong>Modulan<\/strong> la actividad de nuestro <strong>sistema inmunitario intestinal.<\/strong><\/li>\n<\/ul>\n<p><strong><u>\u00bfCu\u00e1les son los m\u00e1s utilizados?<\/u><\/strong><\/p>\n<p><strong>Bacterias presentes en los alimentos,<\/strong> en particular en los productos\u00a0 l\u00e1cteos fermentados o en complementos alimenticios liofilizados.<\/p>\n\n\t\t<div class='author-shortcodes'>\n\t\t\t<div class='author-inner'>\n\t\t\t\t<div class='author-image'>\n\t\t\t<img src='https:\/\/www.111akademia.eus\/wp-content\/uploads\/2017\/05\/AitziberEtxeberria1-696x400.jpg' alt='' \/>\n\t\t\t<div class='author-overlay'><\/div>\n\t\t<\/div> \n\t\t<div class='author-info'>\n\t\t\tAitziber Etxeberria Garro.Soy farmac\u00e9utica y escritora. Intento entrelazar naturaleza,salud y literatura. En el 2008 puse en marcha en Zumaia,Ukendu Parabotika\n\t\t<\/div>\n\t\t\t<\/div>\n\t\t<\/div>\n","protected":false},"excerpt":{"rendered":"<p>PREBI\u00d3TICOS-PROBI\u00d3TICOS: \u00bfQUIEN ES QUIEN? &nbsp; Hablamos a menudo sobre prebi\u00f3ticos y probi\u00f3ticos, \u00bfpero cu\u00e1les son realmente las caracter\u00edsticas de cada uno? Estas son las caracter\u00edsticas m\u00e1s notables.<\/p>\n","protected":false},"author":1,"featured_media":777,"comment_status":"open","ping_status":"closed","sticky":false,"template":"","format":"standard","meta":{"_et_pb_use_builder":"","_et_pb_old_content":"","_et_gb_content_width":"","footnotes":""},"categories":[407],"tags":[398,399,400,401,402,403,404,293,405,406,408,409,410],"class_list":["post-771","post","type-post","status-publish","format-standard","has-post-thumbnail","hentry","category-oinarrizkoak-basicos","tag-bacteria","tag-colon","tag-dextrinas","tag-digerible","tag-fermentacion","tag-fos","tag-fructanos","tag-inflamacion","tag-inulina","tag-microbiota","tag-prebiotico","tag-probiotico","tag-sistema-inmunitario"],"_links":{"self":[{"href":"https:\/\/ukendu.com\/es\/wp-json\/wp\/v2\/posts\/771","targetHints":{"allow":["GET"]}}],"collection":[{"href":"https:\/\/ukendu.com\/es\/wp-json\/wp\/v2\/posts"}],"about":[{"href":"https:\/\/ukendu.com\/es\/wp-json\/wp\/v2\/types\/post"}],"author":[{"embeddable":true,"href":"https:\/\/ukendu.com\/es\/wp-json\/wp\/v2\/users\/1"}],"replies":[{"embeddable":true,"href":"https:\/\/ukendu.com\/es\/wp-json\/wp\/v2\/comments?post=771"}],"version-history":[{"count":0,"href":"https:\/\/ukendu.com\/es\/wp-json\/wp\/v2\/posts\/771\/revisions"}],"wp:featuredmedia":[{"embeddable":true,"href":"https:\/\/ukendu.com\/es\/wp-json\/wp\/v2\/media\/777"}],"wp:attachment":[{"href":"https:\/\/ukendu.com\/es\/wp-json\/wp\/v2\/media?parent=771"}],"wp:term":[{"taxonomy":"category","embeddable":true,"href":"https:\/\/ukendu.com\/es\/wp-json\/wp\/v2\/categories?post=771"},{"taxonomy":"post_tag","embeddable":true,"href":"https:\/\/ukendu.com\/es\/wp-json\/wp\/v2\/tags?post=771"}],"curies":[{"name":"wp","href":"https:\/\/api.w.org\/{rel}","templated":true}]}}